{"id":429,"date":"2019-01-16T21:20:18","date_gmt":"2019-01-16T20:20:18","guid":{"rendered":"http:\/\/www.astrouw.edu.pl\/knastr\/?p=429"},"modified":"2020-04-19T20:15:44","modified_gmt":"2020-04-19T18:15:44","slug":"galaktyki-aktywne","status":"publish","type":"post","link":"https:\/\/www.astrouw.edu.pl\/knastr\/galaktyki-aktywne\/","title":{"rendered":"Galaktyki aktywne"},"content":{"rendered":"\n<p>Szeroko przyj\u0119ta hipoteza g\u0142osi, i\u017c w centrum ka\u017cdej galaktyki znajduje si\u0119 masywna czarna dziura. W przypadku cz\u0119\u015bci z nich jej obecno\u015b\u0107 jest widoczna szczeg\u00f3lnie donio\u015ble, za spraw\u0105 sp\u0142ywaj\u0105cego ku jej \u015brodkowi wirowi materii zwanego dyskiem akrecyjnym. Tak gwa\u0142towne zapadanie si\u0119 masy wymusza obfity transport niemieszcz\u0105cej si\u0119 w uk\u0142adzie grawitacyjnej energii potencjalnej, kt\u00f3ra ulega przekszta\u0142ceniu w promieniowanie elektromagnetyczne o znacznym nat\u0119\u017ceniu. Z powodu wyst\u0119powania tak dynamicznych proces\u00f3w w j\u0105drze galaktyki, astronomowie nazywaj\u0105 je w\u00f3wczas <em>aktywnym<\/em> (lub te\u017c angielskim skr\u00f3towcem <em>AGN<\/em>). Wyj\u0105tkowa jasno\u015b\u0107 takich obiekt\u00f3w pozwala na obserwacje nawet tych najbardziej odleg\u0142ych, jak istniej\u0105ce w pocz\u0105tkach ewolucji wszech\u015bwiata kwazary.<\/p>\n\n\n\n<p>Wi\u0119cej na temat natury aktywnych j\u0105der galaktyk wy\u0142o\u017cy nam wkr\u00f3tce mgr Katarzyna Rusinek, doktorantka z Centrum Astronomicznego im. Miko\u0142aja Kopernika PAN. Spotkanie rozpocznie si\u0119 17 stycznia o godz. 18:30 w Sali Kopernika\u0144skiej OA UW.<\/p>\n\n\n\n<p style=\"text-align:center\">Abstrakt wyst\u0105pienia:<br><em>Jednym z kryteri\u00f3w podzia\u0142u galaktyk aktywnych jest stosunek ich jasno\u015bci radiowej (na 5 GHz) do jasno\u015bci optycznej (w pa\u015bmie B ) &#8211; na \u017ar\u00f3d\u0142a radiowo-ciche i radiowo-g\u0142o\u015bne. Od 30 lat trwa dyskusja czy bimodalno\u015b\u0107 radiowa jest prawdziwa, czy istnieje monotoniczny, g\u0142adki rozk\u0142ad g\u0142o\u015bno\u015bci radiowej. W trakcie prezentacji om\u00f3wi\u0119 z czego wynikaj\u0105 tak r\u00f3\u017cnorodne wyniki bada\u0144 w tej tematyce i jak uwzgl\u0119dnienie r\u00f3\u017cnych parametr\u00f3w prowadzi do jednoznacznych wniosk\u00f3w. Przedstawi\u0119 nasze podej\u015bcie do problemu bimodalno\u015bci radiowej oraz wst\u0119pne wyniki naszych prac. <\/em><\/p>\n","protected":false},"excerpt":{"rendered":"<p>Szeroko przyj\u0119ta hipoteza g\u0142osi, i\u017c w centrum ka\u017cdej galaktyki znajduje si\u0119 masywna czarna dziura. W przypadku cz\u0119\u015bci z nich jej obecno\u015b\u0107 jest widoczna szczeg\u00f3lnie donio\u015ble, za spraw\u0105 sp\u0142ywaj\u0105cego ku jej \u015brodkowi wirowi materii zwanego&#46;&#46;&#46;<\/p>\n","protected":false},"author":1,"featured_media":430,"comment_status":"closed","ping_status":"open","sticky":false,"template":"","format":"standard","meta":{"footnotes":""},"categories":[7],"tags":[10,11,13,12,14,16],"_links":{"self":[{"href":"https:\/\/www.astrouw.edu.pl\/knastr\/wp-json\/wp\/v2\/posts\/429"}],"collection":[{"href":"https:\/\/www.astrouw.edu.pl\/knastr\/wp-json\/wp\/v2\/posts"}],"about":[{"href":"https:\/\/www.astrouw.edu.pl\/knastr\/wp-json\/wp\/v2\/types\/post"}],"author":[{"embeddable":true,"href":"https:\/\/www.astrouw.edu.pl\/knastr\/wp-json\/wp\/v2\/users\/1"}],"replies":[{"embeddable":true,"href":"https:\/\/www.astrouw.edu.pl\/knastr\/wp-json\/wp\/v2\/comments?post=429"}],"version-history":[{"count":3,"href":"https:\/\/www.astrouw.edu.pl\/knastr\/wp-json\/wp\/v2\/posts\/429\/revisions"}],"predecessor-version":[{"id":434,"href":"https:\/\/www.astrouw.edu.pl\/knastr\/wp-json\/wp\/v2\/posts\/429\/revisions\/434"}],"wp:featuredmedia":[{"embeddable":true,"href":"https:\/\/www.astrouw.edu.pl\/knastr\/wp-json\/wp\/v2\/media\/430"}],"wp:attachment":[{"href":"https:\/\/www.astrouw.edu.pl\/knastr\/wp-json\/wp\/v2\/media?parent=429"}],"wp:term":[{"taxonomy":"category","embeddable":true,"href":"https:\/\/www.astrouw.edu.pl\/knastr\/wp-json\/wp\/v2\/categories?post=429"},{"taxonomy":"post_tag","embeddable":true,"href":"https:\/\/www.astrouw.edu.pl\/knastr\/wp-json\/wp\/v2\/tags?post=429"}],"curies":[{"name":"wp","href":"https:\/\/api.w.org\/{rel}","templated":true}]}}