{"id":724,"date":"2019-11-18T21:53:47","date_gmt":"2019-11-18T20:53:47","guid":{"rendered":"http:\/\/www.astrouw.edu.pl\/knastr\/?p=724"},"modified":"2019-11-18T21:56:30","modified_gmt":"2019-11-18T20:56:30","slug":"ciemna-energia-na-przykladzie-aktywnych-galaktyk","status":"publish","type":"post","link":"https:\/\/www.astrouw.edu.pl\/knastr\/ciemna-energia-na-przykladzie-aktywnych-galaktyk\/","title":{"rendered":"Ciemna energia na przyk\u0142adzie aktywnych galaktyk"},"content":{"rendered":"<p>Prowadzone w latach 90. XX wieku obserwacje supernowych w galaktykach znajduj\u0105cych si\u0119 kilkana\u015bcie miliard\u00f3w lat \u015bwietlnych od Ziemi wykaza\u0142y wyra\u017any wzrost tempa ekspansji przestrzeni w czasie. Fenomen ten nawet jak na realia nauki wci\u0105\u017c zadziwia kosmolog\u00f3w, tajemniczy czynnik kt\u00f3ry wywiera ci\u015bnienie na nasz\u0105 przestrze\u0144 kosmiczn\u0105 przyj\u0119\u0142o si\u0119 nazywa\u0107 ciemn\u0105 energi\u0105. Do najstarszego obrazu widzialnego wszech\u015bwiata zaliczaj\u0105 si\u0119 r\u00f3wnie\u017c aktywne j\u0105dra galaktyk, ze wzgl\u0119du na ogromne ilo\u015bci emitowanego promieniowania, s\u0105 jednymi z najlepszych dost\u0119pnych punkt\u00f3w pomiarowych tempa ucieczki galaktyk znajduj\u0105cych w tak du\u017cej odleg\u0142o\u015bci.<br \/>\nGo\u015bciem najbli\u017cszego spotkania ko\u0142a (19.11 o godz. 18:30 w Sali Kopernika\u0144skiej OA UW) b\u0119dzie prof. Bo\u017cena Czerny, astronom obecnie pracuj\u0105ca w Centrum Fizyki Teoretycznej PAN. W ramach prowadzonych przez siebie bada\u0144 chce wykorzysta\u0107 obserwacji AGN do wyznaczenia korelacji ekspansji wszech\u015bwiata z tak zwan\u0105 sta\u0142\u0105 kosmologiczn\u0105. Jest to wielko\u015b\u0107 wprowadzona przez Alberta Einsteina do jego w\u0142asnego r\u00f3wnania w celu zniwelowania problemu niestabilno\u015bci statycznego wszech\u015bwiata &#8211; samo za\u0142o\u017cenie statyczno\u015bci okaza\u0142o si\u0119 b\u0142\u0119dne, jednak ten pozornie czysto matematyczny obiekt wci\u0105\u017c &#8222;mimowolnie&#8221; mo\u017ce mie\u0107 pewn\u0105 podstaw\u0119 fizyczn\u0105.<br \/>\nPani profesor w swoim wyst\u0105pieniu poza celem dydaktycznym, pragnie r\u00f3wnie\u017c wyj\u015b\u0107 z ofert\u0105 wsp\u00f3\u0142pracy do licencjat\u00f3w astronomii, odbywaj\u0105cych jeszcze studia magisterskie. Przedmiotem wynagradzanej miesi\u0119cznym stypendium wynosz\u0105cym 2250 z\u0142 pracy, by\u0142aby analiza danych z SALT &#8211; jednego z najwi\u0119kszych teleskop\u00f3w na \u015bwiecie, a tak\u017ce innych instrument\u00f3w.<\/p>\n<div align=\"center\">\nAbstrakt:<br \/>\nCiemna energia to najwi\u0119ksza wsp\u00f3\u0142czesna zagadka fizyki i astronomii.<br \/>\nCiemna energia jest odpowiedzialna za przyspieszaj\u0105c\u0105 ekspansj\u0119<br \/>\nWszech\u015bwiata. Bardzo chcemy wiedzie\u0107, czy za t\u0119 przyspieszon\u0105 ekspansj\u0119<br \/>\nodpowiada sta\u0142a kosmologiczna, czy te\u017c jeste\u015bmy w stanie wykry\u0107 odst\u0119pstwa<br \/>\nod sta\u0142ej kosmologicznej, kt\u00f3re rzuci\u0142yby \u015bwiat\u0142o na charakter zjawiska.<br \/>\nPotrzebujemy wi\u0119cej obserwacji, a dok\u0142adniej, wi\u0119cej nowych pr\u00f3bnik\u00f3w tej<br \/>\nekspansji. Ja w projekcie proponuj\u0119 wykorzystanie w tym celu kwazar\u00f3w.<br \/>\nCz\u0119\u015bci\u0105 tego projektu jest monitorowanie wybranych kwazar\u00f3w przy pomocy<br \/>\n11-m Southern African Large Telescope (SALT). W ramach realizowanego<br \/>\nprzeze mnie projektu Maestro mam pieni\u0105dze dla studenta\/stypendysty, kt\u00f3ry<br \/>\nb\u0119dzie pomaga\u0142 przy opracowaniu danych obserwacyjnych z SALT i innych<br \/>\nteleskop\u00f3w (fotometria). Warunkiem jest bycie studentem IV lub V roku (po<br \/>\nlicencjacie, przed magisterium). Stypendium wynosi 2 250 z\u0142\/mies.\n<\/div>\n","protected":false},"excerpt":{"rendered":"<p>Prowadzone w latach 90. XX wieku obserwacje supernowych w galaktykach znajduj\u0105cych si\u0119 kilkana\u015bcie miliard\u00f3w lat \u015bwietlnych od Ziemi wykaza\u0142y wyra\u017any wzrost tempa ekspansji przestrzeni w czasie. Fenomen ten nawet jak na realia nauki wci\u0105\u017c&#46;&#46;&#46;<\/p>\n","protected":false},"author":1,"featured_media":725,"comment_status":"closed","ping_status":"open","sticky":false,"template":"","format":"standard","meta":{"footnotes":""},"categories":[7],"tags":[],"_links":{"self":[{"href":"https:\/\/www.astrouw.edu.pl\/knastr\/wp-json\/wp\/v2\/posts\/724"}],"collection":[{"href":"https:\/\/www.astrouw.edu.pl\/knastr\/wp-json\/wp\/v2\/posts"}],"about":[{"href":"https:\/\/www.astrouw.edu.pl\/knastr\/wp-json\/wp\/v2\/types\/post"}],"author":[{"embeddable":true,"href":"https:\/\/www.astrouw.edu.pl\/knastr\/wp-json\/wp\/v2\/users\/1"}],"replies":[{"embeddable":true,"href":"https:\/\/www.astrouw.edu.pl\/knastr\/wp-json\/wp\/v2\/comments?post=724"}],"version-history":[{"count":3,"href":"https:\/\/www.astrouw.edu.pl\/knastr\/wp-json\/wp\/v2\/posts\/724\/revisions"}],"predecessor-version":[{"id":728,"href":"https:\/\/www.astrouw.edu.pl\/knastr\/wp-json\/wp\/v2\/posts\/724\/revisions\/728"}],"wp:featuredmedia":[{"embeddable":true,"href":"https:\/\/www.astrouw.edu.pl\/knastr\/wp-json\/wp\/v2\/media\/725"}],"wp:attachment":[{"href":"https:\/\/www.astrouw.edu.pl\/knastr\/wp-json\/wp\/v2\/media?parent=724"}],"wp:term":[{"taxonomy":"category","embeddable":true,"href":"https:\/\/www.astrouw.edu.pl\/knastr\/wp-json\/wp\/v2\/categories?post=724"},{"taxonomy":"post_tag","embeddable":true,"href":"https:\/\/www.astrouw.edu.pl\/knastr\/wp-json\/wp\/v2\/tags?post=724"}],"curies":[{"name":"wp","href":"https:\/\/api.w.org\/{rel}","templated":true}]}}